{"id":12789,"date":"2025-10-23T17:50:12","date_gmt":"2025-10-23T20:50:12","guid":{"rendered":"https:\/\/www.ficindaial.com.br\/fundacao\/?p=12789"},"modified":"2025-10-23T17:50:13","modified_gmt":"2025-10-23T20:50:13","slug":"%f0%9f%8e%a8%f0%9f%8e%b6-a-mostra-didatica-2025-esta-no-ar","status":"publish","type":"post","link":"https:\/\/www.ficindaial.com.br\/fundacao\/%f0%9f%8e%a8%f0%9f%8e%b6-a-mostra-didatica-2025-esta-no-ar\/","title":{"rendered":"&#x1f3a8;&#x1f3b6; A Mostra Did\u00e1tica 2025 est\u00e1 no ar!"},"content":{"rendered":"\n<p>Durante as pr\u00f3ximas semanas, os alunos da FIC e do Programa SensibilizArte sobem ao palco e ocupam nossos espa\u00e7os com m\u00fasica, teatro e exposi\u00e7\u00f5es art\u00edsticas!<br>Esse \u00e9 um momento especial em que nossos alunos apresentam ao p\u00fablico o resultado de um ano inteiro de dedica\u00e7\u00e3o, estudo e desenvolvimento art\u00edstico.<\/p>\n\n\n\n<p>&#x1f4cc; S\u00e3o apresenta\u00e7\u00f5es nas \u00e1reas de m\u00fasica, teatro e artes visuais, valorizando o talento local e fortalecendo a forma\u00e7\u00e3o cultural dos nossos estudantes.<\/p>\n\n\n\n<p><strong>&#x1f449; Confira a programa\u00e7\u00e3o completa no link abaixo:<br><\/strong><\/p>\n\n\n\n\n\n<p><strong><em>&#x2728; Venha prestigiar nossos talentos em forma\u00e7\u00e3o!<br><\/em><\/strong>Sua presen\u00e7a fortalece a cultura e incentiva o crescimento art\u00edstico em nossa cidade.<\/p>\n\n\n\n<p><\/p>\n","protected":false},"excerpt":{"rendered":"<p>Durante as pr\u00f3ximas semanas, os alunos da FIC e do Programa SensibilizArte sobem ao palco e ocupam nossos espa\u00e7os com m\u00fasica, teatro e exposi\u00e7\u00f5es art\u00edsticas!Esse \u00e9 um momento especial em que nossos alunos apresentam ao p\u00fablico o resultado de um<\/p>\n","protected":false},"author":2,"featured_media":0,"comment_status":"closed","ping_status":"closed","sticky":false,"template":"","format":"standard","meta":{"saved_in_kubio":false,"ngg_post_thumbnail":0,"footnotes":""},"categories":[1],"tags":[],"class_list":["post-12789","post","type-post","status-publish","format-standard","hentry","category-uncategorized"],"_links":{"self":[{"href":"https:\/\/www.ficindaial.com.br\/fundacao\/wp-json\/wp\/v2\/posts\/12789","targetHints":{"allow":["GET"]}}],"collection":[{"href":"https:\/\/www.ficindaial.com.br\/fundacao\/wp-json\/wp\/v2\/posts"}],"about":[{"href":"https:\/\/www.ficindaial.com.br\/fundacao\/wp-json\/wp\/v2\/types\/post"}],"author":[{"embeddable":true,"href":"https:\/\/www.ficindaial.com.br\/fundacao\/wp-json\/wp\/v2\/users\/2"}],"replies":[{"embeddable":true,"href":"https:\/\/www.ficindaial.com.br\/fundacao\/wp-json\/wp\/v2\/comments?post=12789"}],"version-history":[{"count":1,"href":"https:\/\/www.ficindaial.com.br\/fundacao\/wp-json\/wp\/v2\/posts\/12789\/revisions"}],"predecessor-version":[{"id":12790,"href":"https:\/\/www.ficindaial.com.br\/fundacao\/wp-json\/wp\/v2\/posts\/12789\/revisions\/12790"}],"wp:attachment":[{"href":"https:\/\/www.ficindaial.com.br\/fundacao\/wp-json\/wp\/v2\/media?parent=12789"}],"wp:term":[{"taxonomy":"category","embeddable":true,"href":"https:\/\/www.ficindaial.com.br\/fundacao\/wp-json\/wp\/v2\/categories?post=12789"},{"taxonomy":"post_tag","embeddable":true,"href":"https:\/\/www.ficindaial.com.br\/fundacao\/wp-json\/wp\/v2\/tags?post=12789"}],"curies":[{"name":"wp","href":"https:\/\/api.w.org\/{rel}","templated":true}]}}