{"id":12765,"date":"2025-10-14T14:02:11","date_gmt":"2025-10-14T17:02:11","guid":{"rendered":"https:\/\/www.ficindaial.com.br\/fundacao\/?p=12765"},"modified":"2025-10-14T14:02:13","modified_gmt":"2025-10-14T17:02:13","slug":"%f0%9f%8e%a8-mostra-didatica-dos-cursos-de-artes-visuais-da-fic","status":"publish","type":"post","link":"https:\/\/www.ficindaial.com.br\/fundacao\/%f0%9f%8e%a8-mostra-didatica-dos-cursos-de-artes-visuais-da-fic\/","title":{"rendered":"&#x1f3a8; Mostra Did\u00e1tica dos Cursos de Artes Visuais da FIC"},"content":{"rendered":"\n<p>&#x1f4c5; <strong>Per\u00edodo de visita\u00e7\u00e3o:<\/strong> de <strong>17 de outubro a 14 de novembro<\/strong><br>&#x1f557; <strong>Hor\u00e1rio:<\/strong> de segunda a sexta-feira, das <strong>8h \u00e0s 21h<\/strong><br>&#x1f4cd; <strong>Local:<\/strong> Funda\u00e7\u00e3o Indaialense de Cultura<\/p>\n\n\n\n<hr class=\"wp-block-separator has-alpha-channel-opacity\"\/>\n\n\n\n<p>A <strong>Funda\u00e7\u00e3o Indaialense de Cultura<\/strong> apresenta, neste m\u00eas de <strong>outubro<\/strong>, a <em>Mostra Did\u00e1tica<\/em> dos alunos dos <strong>Cursos de Artes Visuais da FIC<\/strong>, ministrados pelas professoras <strong>Camile Brick<\/strong> e <strong>Regina Valcanaia<\/strong>.<\/p>\n\n\n\n<p>A exposi\u00e7\u00e3o re\u00fane trabalhos desenvolvidos ao longo do ano letivo, proporcionando um percurso visual que vai das <strong>experimenta\u00e7\u00f5es da inf\u00e2ncia<\/strong> ao <strong>aperfei\u00e7oamento t\u00e9cnico e art\u00edstico<\/strong> dos alunos mais experientes.<\/p>\n\n\n\n<h3 class=\"wp-block-heading\"><strong>&#x1f331; \u201cResist\u00eancias que florescem em Santa Catarina\u201d<\/strong><\/h3>\n\n\n\n<p>Nesta edi\u00e7\u00e3o, as turmas de <strong>Viv\u00eancia Art\u00edstica<\/strong> e <strong>Desenho para Crian\u00e7as 1 e 2<\/strong> \u2014 que abrangem alunos de 9 a 12 anos \u2014 apresentam colagens inspiradas no tema <em>\u201cResist\u00eancias que florescem em Santa Catarina\u201d<\/em>.<br>As obras dialogam entre si ao abordar temas como:<\/p>\n\n\n\n<ul class=\"wp-block-list\">\n<li>a <strong>prote\u00e7\u00e3o da baleia-franca<\/strong>, esp\u00e9cie amea\u00e7ada que visita o litoral catarinense;<\/li>\n\n\n\n<li>a <strong>preserva\u00e7\u00e3o da Mata Atl\u00e2ntica<\/strong>;<\/li>\n\n\n\n<li>o <strong>reconhecimento dos Povos Origin\u00e1rios da regi\u00e3o<\/strong>;<\/li>\n\n\n\n<li>e o <strong>valor da pr\u00f3pria Funda\u00e7\u00e3o Indaialense de Cultura<\/strong> como espa\u00e7o de preserva\u00e7\u00e3o e cria\u00e7\u00e3o art\u00edstica.<\/li>\n<\/ul>\n\n\n\n<p>Esses elementos \u2014 fauna marinha, floresta, povos e institui\u00e7\u00f5es culturais \u2014 representam <strong>riquezas catarinenses<\/strong> que inspiram e merecem ser protegidas como fontes de vida e criatividade.<\/p>\n\n\n\n<h3 class=\"wp-block-heading\"><strong>&#x270f;&#xfe0f; \u201cEstudos\u201d e \u201cBiomas Brasileiros\u201d<\/strong><\/h3>\n\n\n\n<p>O <strong>n\u00edvel Iniciante<\/strong> apresenta trabalhos em <strong>grafite e nanquim<\/strong>, explorando fundamentos como luz e sombra, forma, linha, perspectiva e composi\u00e7\u00e3o. Na s\u00e9rie <em>\u201cEstudos\u201d<\/em>, os desenhos de observa\u00e7\u00e3o revelam o olhar atento e sens\u00edvel dos alunos diante de cada tema.<\/p>\n\n\n\n<p>Inspiradas pela <strong>urg\u00eancia clim\u00e1tica<\/strong> e pelo debate global da <strong>COP30<\/strong> \u2014 que ser\u00e1 realizada pela primeira vez no Brasil, em Bel\u00e9m (PA) \u2014, as turmas de <strong>Intermedi\u00e1rio 1 e 2<\/strong> desenvolveram a exposi\u00e7\u00e3o <em>\u201cBiomas Brasileiros\u201d<\/em>, representando a diversidade da fauna e flora dos ecossistemas nacionais.<\/p>\n\n\n\n<p>J\u00e1 a turma de <strong>n\u00edvel Avan\u00e7ado<\/strong> apresenta composi\u00e7\u00f5es em <strong>grafite sobre papel<\/strong>, utilizando t\u00e9cnicas refinadas como o <strong>desenho com borracha sobre papel tonalizado com grafite em p\u00f3<\/strong>, destacando a maturidade art\u00edstica alcan\u00e7ada pelos participantes.<\/p>\n\n\n\n<hr class=\"wp-block-separator has-alpha-channel-opacity\"\/>\n\n\n","protected":false},"excerpt":{"rendered":"<p>&#x1f4c5; Per\u00edodo de visita\u00e7\u00e3o: de 17 de outubro a 14 de novembro&#x1f557; Hor\u00e1rio: de segunda a sexta-feira, das 8h \u00e0s 21h&#x1f4cd; Local: Funda\u00e7\u00e3o Indaialense de Cultura A Funda\u00e7\u00e3o Indaialense de Cultura apresenta, neste m\u00eas de outubro, a Mostra Did\u00e1tica dos<\/p>\n","protected":false},"author":2,"featured_media":0,"comment_status":"closed","ping_status":"closed","sticky":false,"template":"","format":"standard","meta":{"saved_in_kubio":false,"ngg_post_thumbnail":0,"footnotes":""},"categories":[1],"tags":[],"class_list":["post-12765","post","type-post","status-publish","format-standard","hentry","category-uncategorized"],"_links":{"self":[{"href":"https:\/\/www.ficindaial.com.br\/fundacao\/wp-json\/wp\/v2\/posts\/12765","targetHints":{"allow":["GET"]}}],"collection":[{"href":"https:\/\/www.ficindaial.com.br\/fundacao\/wp-json\/wp\/v2\/posts"}],"about":[{"href":"https:\/\/www.ficindaial.com.br\/fundacao\/wp-json\/wp\/v2\/types\/post"}],"author":[{"embeddable":true,"href":"https:\/\/www.ficindaial.com.br\/fundacao\/wp-json\/wp\/v2\/users\/2"}],"replies":[{"embeddable":true,"href":"https:\/\/www.ficindaial.com.br\/fundacao\/wp-json\/wp\/v2\/comments?post=12765"}],"version-history":[{"count":1,"href":"https:\/\/www.ficindaial.com.br\/fundacao\/wp-json\/wp\/v2\/posts\/12765\/revisions"}],"predecessor-version":[{"id":12767,"href":"https:\/\/www.ficindaial.com.br\/fundacao\/wp-json\/wp\/v2\/posts\/12765\/revisions\/12767"}],"wp:attachment":[{"href":"https:\/\/www.ficindaial.com.br\/fundacao\/wp-json\/wp\/v2\/media?parent=12765"}],"wp:term":[{"taxonomy":"category","embeddable":true,"href":"https:\/\/www.ficindaial.com.br\/fundacao\/wp-json\/wp\/v2\/categories?post=12765"},{"taxonomy":"post_tag","embeddable":true,"href":"https:\/\/www.ficindaial.com.br\/fundacao\/wp-json\/wp\/v2\/tags?post=12765"}],"curies":[{"name":"wp","href":"https:\/\/api.w.org\/{rel}","templated":true}]}}