{"id":12735,"date":"2025-10-08T08:16:54","date_gmt":"2025-10-08T11:16:54","guid":{"rendered":"https:\/\/www.ficindaial.com.br\/fundacao\/?p=12735"},"modified":"2025-10-08T08:19:12","modified_gmt":"2025-10-08T11:19:12","slug":"%f0%9f%8e%ad-convite-a-participacao-6a-conferencia-municipal-de-cultura-%f0%9f%8e%b6","status":"publish","type":"post","link":"https:\/\/www.ficindaial.com.br\/fundacao\/%f0%9f%8e%ad-convite-a-participacao-6a-conferencia-municipal-de-cultura-%f0%9f%8e%b6\/","title":{"rendered":"&#x1f3ad; Convite \u00e0 Participa\u00e7\u00e3o: 6\u00aa Confer\u00eancia Municipal de Cultura &#x1f3b6;"},"content":{"rendered":"\n<p>A cultura \u00e9 feita por todos n\u00f3s \u2014 artistas, mestres da tradi\u00e7\u00e3o, coletivos, produtores, educadores, fazedores e apreciadores da arte em todas as suas formas.<\/p>\n\n\n\n<p>Por isso, a <strong>Funda\u00e7\u00e3o Indaialense de Cultura<\/strong>, por meio do  <strong>Conselho Municipal de Pol\u00edtica Cultural <\/strong>convida toda a sociedade civil, agentes culturais e popula\u00e7\u00e3o em geral para participar da:<\/p>\n\n\n\n<hr class=\"wp-block-separator has-alpha-channel-opacity\"\/>\n\n\n\n<h2 class=\"wp-block-heading\">&#x1f4e3; <strong>6\u00aa Confer\u00eancia Municipal de Cultura<\/strong><\/h2>\n\n\n\n<p><strong>&#x1f5d3; Data:<\/strong> 18 de outubro de 2025<br><strong>&#x23f0; Hor\u00e1rio:<\/strong> 7h30 <br><strong>&#x1f4cd; Local:<\/strong> Galp\u00e3o das Artes Prof. M\u00e1rio Dem\u00e9trio<br><strong>&#x1f3af; Tema:<\/strong> &nbsp;\u201cIndaial Cultura Presente e Planos para o Futuro\u201d<br><\/p>\n\n\n\n<hr class=\"wp-block-separator has-alpha-channel-opacity\"\/>\n\n\n\n<h3 class=\"wp-block-heading\"><strong>&#x1f91d; Por que participar?<\/strong><\/h3>\n\n\n\n<p>A Confer\u00eancia \u00e9 um espa\u00e7o democr\u00e1tico de <strong>escuta, di\u00e1logo e constru\u00e7\u00e3o coletiva<\/strong> das pol\u00edticas p\u00fablicas de cultura do nosso munic\u00edpio. \u00c9 o momento de avaliarmos os avan\u00e7os, apontarmos os desafios e definirmos juntos os rumos da cultura local.<\/p>\n\n\n\n<p>Durante a confer\u00eancia, tamb\u00e9m ser\u00e3o discutidas diretrizes para os pr\u00f3ximos anos e haver\u00e1 a <strong>indica\u00e7\u00e3o de representantes para o Conselho Municipal de Cultura<\/strong>.<\/p>\n\n\n\n<hr class=\"wp-block-separator has-alpha-channel-opacity\"\/>\n\n\n\n<h3 class=\"wp-block-heading\"><strong>&#x1f4cc; Como participar?<\/strong><\/h3>\n\n\n\n<p>A inscri\u00e7\u00e3o \u00e9 gratuita e pode ser feita pelo link abaixo ou presencialmente no local do evento.<br>&#x1f4e5; <strong>Confira a programa\u00e7\u00e3o completa:<\/strong> <a href=\"https:\/\/www.ficindaial.com.br\/fundacao\/6a-conferencia-municipal-de-cultura\/\">https:\/\/www.ficindaial.com.br\/fundacao\/6a-conferencia-municipal-de-cultura\/<\/a> <\/p>\n\n\n\n<hr class=\"wp-block-separator has-alpha-channel-opacity\"\/>\n\n\n\n<p><strong>Venha fazer parte desse momento importante para a cultura de Indaial!<\/strong><br>Sua voz, sua arte e sua hist\u00f3ria s\u00e3o fundamentais para fortalecer a cultura que queremos.<\/p>\n\n\n\n<hr class=\"wp-block-separator has-alpha-channel-opacity\"\/>\n\n\n","protected":false},"excerpt":{"rendered":"<p>A cultura \u00e9 feita por todos n\u00f3s \u2014 artistas, mestres da tradi\u00e7\u00e3o, coletivos, produtores, educadores, fazedores e apreciadores da arte em todas as suas formas. Por isso, a Funda\u00e7\u00e3o Indaialense de Cultura, por meio do Conselho Municipal de Pol\u00edtica Cultural<\/p>\n","protected":false},"author":2,"featured_media":0,"comment_status":"closed","ping_status":"closed","sticky":false,"template":"","format":"standard","meta":{"saved_in_kubio":false,"ngg_post_thumbnail":0,"footnotes":""},"categories":[1],"tags":[],"class_list":["post-12735","post","type-post","status-publish","format-standard","hentry","category-uncategorized"],"_links":{"self":[{"href":"https:\/\/www.ficindaial.com.br\/fundacao\/wp-json\/wp\/v2\/posts\/12735","targetHints":{"allow":["GET"]}}],"collection":[{"href":"https:\/\/www.ficindaial.com.br\/fundacao\/wp-json\/wp\/v2\/posts"}],"about":[{"href":"https:\/\/www.ficindaial.com.br\/fundacao\/wp-json\/wp\/v2\/types\/post"}],"author":[{"embeddable":true,"href":"https:\/\/www.ficindaial.com.br\/fundacao\/wp-json\/wp\/v2\/users\/2"}],"replies":[{"embeddable":true,"href":"https:\/\/www.ficindaial.com.br\/fundacao\/wp-json\/wp\/v2\/comments?post=12735"}],"version-history":[{"count":2,"href":"https:\/\/www.ficindaial.com.br\/fundacao\/wp-json\/wp\/v2\/posts\/12735\/revisions"}],"predecessor-version":[{"id":12739,"href":"https:\/\/www.ficindaial.com.br\/fundacao\/wp-json\/wp\/v2\/posts\/12735\/revisions\/12739"}],"wp:attachment":[{"href":"https:\/\/www.ficindaial.com.br\/fundacao\/wp-json\/wp\/v2\/media?parent=12735"}],"wp:term":[{"taxonomy":"category","embeddable":true,"href":"https:\/\/www.ficindaial.com.br\/fundacao\/wp-json\/wp\/v2\/categories?post=12735"},{"taxonomy":"post_tag","embeddable":true,"href":"https:\/\/www.ficindaial.com.br\/fundacao\/wp-json\/wp\/v2\/tags?post=12735"}],"curies":[{"name":"wp","href":"https:\/\/api.w.org\/{rel}","templated":true}]}}